{"id":1022,"date":"2018-02-01T14:22:43","date_gmt":"2018-02-01T13:22:43","guid":{"rendered":"http:\/\/wp01.zphkinder.de\/?p=1022"},"modified":"2018-02-01T14:22:43","modified_gmt":"2018-02-01T13:22:43","slug":"zentral-gemuetlich-neu-und-nur-fuer-maedchen","status":"publish","type":"post","link":"https:\/\/zphkinder.de\/en\/zentral-gemuetlich-neu-und-nur-fuer-maedchen\/","title":{"rendered":"Zentral, gem\u00fctlich, neu und nur f\u00fcr M\u00e4dchen"},"content":{"rendered":"<p>Reges Medieninteresse fand die Er\u00f6ffnung des neuen M\u00e4dchentreffs am Karlsplatz, der gestern ausnahmsweise auch M\u00e4nnern offen stand. OB Lewandowski \u00fcberreichte Rosen an die M\u00e4dchen die bei der Realisierung geholfen hatten. &#8211; 03.10.2000<\/p>\n<p>&nbsp;<\/p>\n<p><img loading=\"lazy\" class=\"aligncenter size-full wp-image-1023\" src=\"https:\/\/zphkinder.de\/wp-content\/uploads\/2018\/02\/10-03-2000-Zentral-gemuetli.jpg\" alt=\"\" width=\"620\" height=\"1339\" srcset=\"https:\/\/zphkinder.de\/wp-content\/uploads\/2018\/02\/10-03-2000-Zentral-gemuetli.jpg 620w, https:\/\/zphkinder.de\/wp-content\/uploads\/2018\/02\/10-03-2000-Zentral-gemuetli-139x300.jpg 139w, https:\/\/zphkinder.de\/wp-content\/uploads\/2018\/02\/10-03-2000-Zentral-gemuetli-474x1024.jpg 474w, https:\/\/zphkinder.de\/wp-content\/uploads\/2018\/02\/10-03-2000-Zentral-gemuetli-68x146.jpg 68w, https:\/\/zphkinder.de\/wp-content\/uploads\/2018\/02\/10-03-2000-Zentral-gemuetli-23x50.jpg 23w, https:\/\/zphkinder.de\/wp-content\/uploads\/2018\/02\/10-03-2000-Zentral-gemuetli-35x75.jpg 35w\" sizes=\"(max-width: 620px) 100vw, 620px\" \/><\/p>","protected":false},"excerpt":{"rendered":"<p>Reges Medieninteresse fand die Er\u00f6ffnung des neuen M\u00e4dchentreffs am Karlsplatz, der gestern ausnahmsweise auch M\u00e4nnern offen stand. OB Lewandowski \u00fcberreichte Rosen an die M\u00e4dchen die bei der Realisierung geholfen hatten. &#8211; 03.10.2000 &nbsp;<\/p>","protected":false},"author":3,"featured_media":0,"comment_status":"open","ping_status":"open","sticky":false,"template":"","format":"standard","meta":[],"categories":[19],"tags":[],"_links":{"self":[{"href":"https:\/\/zphkinder.de\/en\/wp-json\/wp\/v2\/posts\/1022"}],"collection":[{"href":"https:\/\/zphkinder.de\/en\/wp-json\/wp\/v2\/posts"}],"about":[{"href":"https:\/\/zphkinder.de\/en\/wp-json\/wp\/v2\/types\/post"}],"author":[{"embeddable":true,"href":"https:\/\/zphkinder.de\/en\/wp-json\/wp\/v2\/users\/3"}],"replies":[{"embeddable":true,"href":"https:\/\/zphkinder.de\/en\/wp-json\/wp\/v2\/comments?post=1022"}],"version-history":[{"count":1,"href":"https:\/\/zphkinder.de\/en\/wp-json\/wp\/v2\/posts\/1022\/revisions"}],"predecessor-version":[{"id":1024,"href":"https:\/\/zphkinder.de\/en\/wp-json\/wp\/v2\/posts\/1022\/revisions\/1024"}],"wp:attachment":[{"href":"https:\/\/zphkinder.de\/en\/wp-json\/wp\/v2\/media?parent=1022"}],"wp:term":[{"taxonomy":"category","embeddable":true,"href":"https:\/\/zphkinder.de\/en\/wp-json\/wp\/v2\/categories?post=1022"},{"taxonomy":"post_tag","embeddable":true,"href":"https:\/\/zphkinder.de\/en\/wp-json\/wp\/v2\/tags?post=1022"}],"curies":[{"name":"wp","href":"https:\/\/api.w.org\/{rel}","templated":true}]}}