{"id":1025,"date":"2018-02-01T14:23:20","date_gmt":"2018-02-01T13:23:20","guid":{"rendered":"http:\/\/wp01.zphkinder.de\/?p=1025"},"modified":"2018-02-01T14:23:20","modified_gmt":"2018-02-01T13:23:20","slug":"spende-fuer-ferienfreizeit","status":"publish","type":"post","link":"https:\/\/zphkinder.de\/en\/spende-fuer-ferienfreizeit\/","title":{"rendered":"Spende f\u00fcr Ferienfreizeit"},"content":{"rendered":"<p>&#8222;Wir m\u00f6chten, dass auch jene Kinder verreisen k\u00f6nnen, deren Eltern sich das sonst nicht leisten k\u00f6nnen&#8220; &#8211; 15.06.2000<\/p>\n<p>&nbsp;<\/p>\n<p><img loading=\"lazy\" class=\"aligncenter size-full wp-image-1026\" src=\"https:\/\/zphkinder.de\/wp-content\/uploads\/2018\/02\/06-15-2000-Spende-fuer-Feri.jpg\" alt=\"\" width=\"620\" height=\"1063\" srcset=\"https:\/\/zphkinder.de\/wp-content\/uploads\/2018\/02\/06-15-2000-Spende-fuer-Feri.jpg 620w, https:\/\/zphkinder.de\/wp-content\/uploads\/2018\/02\/06-15-2000-Spende-fuer-Feri-175x300.jpg 175w, https:\/\/zphkinder.de\/wp-content\/uploads\/2018\/02\/06-15-2000-Spende-fuer-Feri-597x1024.jpg 597w, https:\/\/zphkinder.de\/wp-content\/uploads\/2018\/02\/06-15-2000-Spende-fuer-Feri-85x146.jpg 85w, https:\/\/zphkinder.de\/wp-content\/uploads\/2018\/02\/06-15-2000-Spende-fuer-Feri-29x50.jpg 29w, https:\/\/zphkinder.de\/wp-content\/uploads\/2018\/02\/06-15-2000-Spende-fuer-Feri-44x75.jpg 44w\" sizes=\"(max-width: 620px) 100vw, 620px\" \/><\/p>","protected":false},"excerpt":{"rendered":"<p>&#8222;Wir m\u00f6chten, dass auch jene Kinder verreisen k\u00f6nnen, deren Eltern sich das sonst nicht leisten k\u00f6nnen&#8220; &#8211; 15.06.2000 &nbsp;<\/p>","protected":false},"author":3,"featured_media":0,"comment_status":"open","ping_status":"open","sticky":false,"template":"","format":"standard","meta":[],"categories":[19],"tags":[],"_links":{"self":[{"href":"https:\/\/zphkinder.de\/en\/wp-json\/wp\/v2\/posts\/1025"}],"collection":[{"href":"https:\/\/zphkinder.de\/en\/wp-json\/wp\/v2\/posts"}],"about":[{"href":"https:\/\/zphkinder.de\/en\/wp-json\/wp\/v2\/types\/post"}],"author":[{"embeddable":true,"href":"https:\/\/zphkinder.de\/en\/wp-json\/wp\/v2\/users\/3"}],"replies":[{"embeddable":true,"href":"https:\/\/zphkinder.de\/en\/wp-json\/wp\/v2\/comments?post=1025"}],"version-history":[{"count":1,"href":"https:\/\/zphkinder.de\/en\/wp-json\/wp\/v2\/posts\/1025\/revisions"}],"predecessor-version":[{"id":1027,"href":"https:\/\/zphkinder.de\/en\/wp-json\/wp\/v2\/posts\/1025\/revisions\/1027"}],"wp:attachment":[{"href":"https:\/\/zphkinder.de\/en\/wp-json\/wp\/v2\/media?parent=1025"}],"wp:term":[{"taxonomy":"category","embeddable":true,"href":"https:\/\/zphkinder.de\/en\/wp-json\/wp\/v2\/categories?post=1025"},{"taxonomy":"post_tag","embeddable":true,"href":"https:\/\/zphkinder.de\/en\/wp-json\/wp\/v2\/tags?post=1025"}],"curies":[{"name":"wp","href":"https:\/\/api.w.org\/{rel}","templated":true}]}}