{"id":1051,"date":"2018-02-01T14:45:38","date_gmt":"2018-02-01T13:45:38","guid":{"rendered":"http:\/\/wp01.zphkinder.de\/?p=1051"},"modified":"2018-02-01T14:45:38","modified_gmt":"2018-02-01T13:45:38","slug":"haering-erstmals-auch-zum-essen","status":"publish","type":"post","link":"https:\/\/zphkinder.de\/en\/haering-erstmals-auch-zum-essen\/","title":{"rendered":"&#8222;H\u00e4ring&#8220; erstmals auch zum Essen"},"content":{"rendered":"<p>Zissel-Samstag: Erst schippert die Kasseler Prominenz auf dem Motorschiff &#8222;Deutschland&#8220; die Fulle ruff un runner, abschlie\u00dfend wurde traditionell der &#8222;H\u00e4ring&#8220; am Rondell gehi\u00dft. 01.08.1999<\/p>\n<p>&nbsp;<\/p>\n<p><img loading=\"lazy\" class=\"aligncenter size-full wp-image-1052\" src=\"https:\/\/zphkinder.de\/wp-content\/uploads\/2018\/02\/01-08-1999-Haering-erstmals.jpg\" alt=\"\" width=\"620\" height=\"481\" srcset=\"https:\/\/zphkinder.de\/wp-content\/uploads\/2018\/02\/01-08-1999-Haering-erstmals.jpg 620w, https:\/\/zphkinder.de\/wp-content\/uploads\/2018\/02\/01-08-1999-Haering-erstmals-300x233.jpg 300w, https:\/\/zphkinder.de\/wp-content\/uploads\/2018\/02\/01-08-1999-Haering-erstmals-188x146.jpg 188w, https:\/\/zphkinder.de\/wp-content\/uploads\/2018\/02\/01-08-1999-Haering-erstmals-50x39.jpg 50w, https:\/\/zphkinder.de\/wp-content\/uploads\/2018\/02\/01-08-1999-Haering-erstmals-97x75.jpg 97w\" sizes=\"(max-width: 620px) 100vw, 620px\" \/><\/p>","protected":false},"excerpt":{"rendered":"<p>Zissel-Samstag: Erst schippert die Kasseler Prominenz auf dem Motorschiff &#8222;Deutschland&#8220; die Fulle ruff un runner, abschlie\u00dfend wurde traditionell der &#8222;H\u00e4ring&#8220; am Rondell gehi\u00dft. 01.08.1999 &nbsp;<\/p>","protected":false},"author":3,"featured_media":0,"comment_status":"open","ping_status":"open","sticky":false,"template":"","format":"standard","meta":[],"categories":[20],"tags":[],"_links":{"self":[{"href":"https:\/\/zphkinder.de\/en\/wp-json\/wp\/v2\/posts\/1051"}],"collection":[{"href":"https:\/\/zphkinder.de\/en\/wp-json\/wp\/v2\/posts"}],"about":[{"href":"https:\/\/zphkinder.de\/en\/wp-json\/wp\/v2\/types\/post"}],"author":[{"embeddable":true,"href":"https:\/\/zphkinder.de\/en\/wp-json\/wp\/v2\/users\/3"}],"replies":[{"embeddable":true,"href":"https:\/\/zphkinder.de\/en\/wp-json\/wp\/v2\/comments?post=1051"}],"version-history":[{"count":1,"href":"https:\/\/zphkinder.de\/en\/wp-json\/wp\/v2\/posts\/1051\/revisions"}],"predecessor-version":[{"id":1053,"href":"https:\/\/zphkinder.de\/en\/wp-json\/wp\/v2\/posts\/1051\/revisions\/1053"}],"wp:attachment":[{"href":"https:\/\/zphkinder.de\/en\/wp-json\/wp\/v2\/media?parent=1051"}],"wp:term":[{"taxonomy":"category","embeddable":true,"href":"https:\/\/zphkinder.de\/en\/wp-json\/wp\/v2\/categories?post=1051"},{"taxonomy":"post_tag","embeddable":true,"href":"https:\/\/zphkinder.de\/en\/wp-json\/wp\/v2\/tags?post=1051"}],"curies":[{"name":"wp","href":"https:\/\/api.w.org\/{rel}","templated":true}]}}