{"id":134,"date":"2018-01-30T22:12:49","date_gmt":"2018-01-30T21:12:49","guid":{"rendered":"http:\/\/wp01.zphkinder.de\/?p=134"},"modified":"2018-01-30T22:27:03","modified_gmt":"2018-01-30T21:27:03","slug":"film-und-theater-fuer-kinder","status":"publish","type":"post","link":"https:\/\/zphkinder.de\/en\/film-und-theater-fuer-kinder\/","title":{"rendered":"Film und Theater f\u00fcr Kinder"},"content":{"rendered":"<p><em>Pr\u00e4ventionsprojekt \u201eGeheimsache Igel\u201c mit Wickie-Schauspieler Kr\u00e4tke<\/em><\/p>\n<p>KASSEL. Gewalt und sexuelle Gewalt gegen Kinder und Jugendliche sind wichtige gesellschaftliche Themen, vor denen niemand die Augen verschlie\u00dfen sollte.\u00a0 \u201eJeder ist gefordert, seinen Beitrag zur Pr\u00e4vention zu leisten: Eltern, Schulen, Kinderg\u00e4rten, die Polizei, aber auch die \u00d6ffentlichkeit\u201c, sagen Evelin Bernhard<br \/>\nund Birgit Utech vom Vorstand des F\u00f6rdervereins Zahn\u00e4rzte und Patienten helfen Kindern in Not.<\/p>\n<p>Das Pr\u00e4ventionsprojekt \u201eGeheimsache Igel\u201c f\u00fcr Kinderg\u00e4rten und Grundschulen wird deshalb jetzt auch in Kassel stattfinden: Am Samstag, 3. M\u00e4rz, 15 Uhr, werden ein Film und ein Theaterst\u00fcck f\u00fcr die ganze Familie im Gloria-Kino aufgef\u00fchrt. Die Ice-Girls, Darstellerinnen aus \u201etabaluga tivi\u201c (ZDF) und der Schauspieler Olaf Kr\u00e4tke, bekannt als weiser Urobe aus \u201eWickie und die starken M\u00e4nner\u201c, spielen mit.<\/p>\n<p>\u201eWie kann man die Kleinsten und Schw\u00e4chsten unserer Gesellschaft schon fr\u00fchzeitig stark machen, damit sie Gefahren rechtzeitig erkennen und sich dann entsprechend verhalten k\u00f6nnen?\u201c Unter dieser Fragestellung hat Olaf Kr\u00e4tke das mit dem F\u00f6rderpreis von Kiwanis Deutschland ausgezeichnete\u00a0 Pr\u00e4ventionstheaterst\u00fcck \u201eGeheimsache Igel\u201c entwickelt.<\/p>\n<p>Unter Schirmherrschaft von Oberb\u00fcrgermeister Bertram Hilgen wird die zentrale Auftakt-Veranstaltung f\u00fcr das Pr\u00e4ventionsprojekt im Gloria-Kino stattfinden. Organisiert und finanziert wird das Projekt von dem Kasseler F\u00f6rderverein Zahn\u00e4rzte und Patienten helfen Kindern in Not und der gemeinn\u00fctzigen\u00a0 Pr\u00e4ventionsfirma World Infancia.<\/p>\n<p>Die packende Geschichte um \u201eKr\u00fcmel, Wurzel und den blauen Mann\u201c wurde zwischenzeitlich in \u00fcber 2000 Auff\u00fchrungen in Deutschland, \u00d6sterreich und der Schweiz gezeigt.<\/p>\n<p>Beim Familien-Ereignis im Gloria wird nicht nur der Kurzfilm \u201eGeheimsache Igel\u201c von und mit Olaf Kr\u00e4tke sowie dem Kabarettisten Wolfgang Krebs gezeigt. Es gibt\u00a0 auch eine Auff\u00fchrung der Ice-Girls mit Mut-Mach-Liedern und eine interaktive Vorf\u00fchrung des preisgekr\u00f6nten Theaterst\u00fccks mit dem hessischen Ensemble des Pr\u00e4ventionsprojektes. Im Anschluss stehen die Schauspieler den Kindern f\u00fcr Autogramme, Fotoshooting und Interviews zur Verf\u00fcgung. (use)<\/p>\n<p>Quelle: HNA<br \/>\nFoto: DPA<\/p>\n<p>&nbsp;<\/p>\n<p><img loading=\"lazy\" class=\"aligncenter wp-image-135 size-full\" src=\"https:\/\/zphkinder.de\/wp-content\/uploads\/2018\/01\/12_03_12_hna_film-und-theater.jpg\" alt=\"\" width=\"600\" height=\"585\" srcset=\"https:\/\/zphkinder.de\/wp-content\/uploads\/2018\/01\/12_03_12_hna_film-und-theater.jpg 600w, https:\/\/zphkinder.de\/wp-content\/uploads\/2018\/01\/12_03_12_hna_film-und-theater-300x293.jpg 300w, https:\/\/zphkinder.de\/wp-content\/uploads\/2018\/01\/12_03_12_hna_film-und-theater-150x146.jpg 150w, https:\/\/zphkinder.de\/wp-content\/uploads\/2018\/01\/12_03_12_hna_film-und-theater-50x50.jpg 50w, https:\/\/zphkinder.de\/wp-content\/uploads\/2018\/01\/12_03_12_hna_film-und-theater-77x75.jpg 77w\" sizes=\"(max-width: 600px) 100vw, 600px\" \/><\/p>","protected":false},"excerpt":{"rendered":"<p>Pr\u00e4ventionsprojekt \u201eGeheimsache Igel\u201c mit Wickie-Schauspieler Kr\u00e4tke KASSEL. Gewalt und sexuelle Gewalt gegen Kinder und Jugendliche sind wichtige gesellschaftliche Themen, vor denen niemand die Augen verschlie\u00dfen sollte.\u00a0 \u201eJeder ist gefordert, seinen Beitrag zur Pr\u00e4vention zu leisten: Eltern, Schulen, Kinderg\u00e4rten, die Polizei, aber auch die \u00d6ffentlichkeit\u201c, sagen Evelin Bernhard und Birgit Utech vom Vorstand des F\u00f6rdervereins Zahn\u00e4rzte &hellip;<\/p>\n<p class=\"read-more\"> <a class=\"\" href=\"https:\/\/zphkinder.de\/en\/film-und-theater-fuer-kinder\/\"> <span class=\"screen-reader-text\">Film und Theater f\u00fcr Kinder<\/span> Read More &raquo;<\/a><\/p>","protected":false},"author":3,"featured_media":0,"comment_status":"open","ping_status":"open","sticky":false,"template":"","format":"standard","meta":[],"categories":[6],"tags":[],"_links":{"self":[{"href":"https:\/\/zphkinder.de\/en\/wp-json\/wp\/v2\/posts\/134"}],"collection":[{"href":"https:\/\/zphkinder.de\/en\/wp-json\/wp\/v2\/posts"}],"about":[{"href":"https:\/\/zphkinder.de\/en\/wp-json\/wp\/v2\/types\/post"}],"author":[{"embeddable":true,"href":"https:\/\/zphkinder.de\/en\/wp-json\/wp\/v2\/users\/3"}],"replies":[{"embeddable":true,"href":"https:\/\/zphkinder.de\/en\/wp-json\/wp\/v2\/comments?post=134"}],"version-history":[{"count":2,"href":"https:\/\/zphkinder.de\/en\/wp-json\/wp\/v2\/posts\/134\/revisions"}],"predecessor-version":[{"id":175,"href":"https:\/\/zphkinder.de\/en\/wp-json\/wp\/v2\/posts\/134\/revisions\/175"}],"wp:attachment":[{"href":"https:\/\/zphkinder.de\/en\/wp-json\/wp\/v2\/media?parent=134"}],"wp:term":[{"taxonomy":"category","embeddable":true,"href":"https:\/\/zphkinder.de\/en\/wp-json\/wp\/v2\/categories?post=134"},{"taxonomy":"post_tag","embeddable":true,"href":"https:\/\/zphkinder.de\/en\/wp-json\/wp\/v2\/tags?post=134"}],"curies":[{"name":"wp","href":"https:\/\/api.w.org\/{rel}","templated":true}]}}