{"id":137,"date":"2018-01-30T22:15:38","date_gmt":"2018-01-30T21:15:38","guid":{"rendered":"http:\/\/wp01.zphkinder.de\/?p=137"},"modified":"2018-01-30T22:27:28","modified_gmt":"2018-01-30T21:27:28","slug":"geheimsache-igel","status":"publish","type":"post","link":"https:\/\/zphkinder.de\/en\/geheimsache-igel\/","title":{"rendered":"Geheimsache Igel"},"content":{"rendered":"<p>Das Gewaltpr\u00e4ventionsprojekt f\u00fcr Kindergarten und Grundschule zum Thema Gewalt und sexuelle Gewalt &#8222;Geheimsache Igel&#8220;, von Schauspieler Olaf Kr\u00e4tke (bekannt unter anderem aus &#8222;Wickie und die starken M\u00e4nenr&#8220;) hat am Samstag im Gloria Kino Premiere gefeiert.<\/p>\n<p>Es besteht aus einem Theaterst\u00fcck, das in p\u00e4dagogischen Einrichtungen vor einzelnen Klassen und Kindergartengruppen gespielt wird. Kinder werden mit &#8222;Geheimsache Igel&#8220; altersspezifisch f\u00fcr die Problematik der sexuellen Gewalt im besonderen und der Gewalt in allen Auspr\u00e4gungen sensbilisiert.<\/p>\n<p>Das St\u00fcck soll Kindern zeigen, dass es Sachen gibt, die sie nicht machen m\u00fcssen, wenn sie nicht wollen.<\/p>\n<p>Nach der Auff\u00fchrung sprachen die Schauspieler mit den kleinen und gro\u00dfen Zuschauern \u00fcber die Vorstellung. Die packende Geschichte um&#8220;Kr\u00fcmel, Wurzel und den blauen Mann&#8220; wurde bereits in \u00fcber 2.000 Auff\u00fchrungen in Deutschland, \u00d6sterreich und der Schweiz gezeigt.<\/p>\n<p>Das Projekt wird unterst\u00fctzt vom F\u00f6rerverein Zahn\u00e4rzte und Patienten helfen Kindern in Not und steht unter der Schirmherrschaft von OB Bertram Hilgen. Weitere Infos unter: www.zphkinder.de<\/p>\n<p>&nbsp;<\/p>\n<figure id=\"attachment_140\" aria-describedby=\"caption-attachment-140\" style=\"width: 585px\" class=\"wp-caption aligncenter\"><img loading=\"lazy\" class=\"wp-image-140\" src=\"https:\/\/zphkinder.de\/wp-content\/uploads\/2018\/01\/12_03_07_extra_tipp-2.jpg\" alt=\"\" width=\"585\" height=\"1196\" srcset=\"https:\/\/zphkinder.de\/wp-content\/uploads\/2018\/01\/12_03_07_extra_tipp-2.jpg 800w, https:\/\/zphkinder.de\/wp-content\/uploads\/2018\/01\/12_03_07_extra_tipp-2-147x300.jpg 147w, https:\/\/zphkinder.de\/wp-content\/uploads\/2018\/01\/12_03_07_extra_tipp-2-768x1571.jpg 768w, https:\/\/zphkinder.de\/wp-content\/uploads\/2018\/01\/12_03_07_extra_tipp-2-501x1024.jpg 501w, https:\/\/zphkinder.de\/wp-content\/uploads\/2018\/01\/12_03_07_extra_tipp-2-71x146.jpg 71w, https:\/\/zphkinder.de\/wp-content\/uploads\/2018\/01\/12_03_07_extra_tipp-2-24x50.jpg 24w, https:\/\/zphkinder.de\/wp-content\/uploads\/2018\/01\/12_03_07_extra_tipp-2-37x75.jpg 37w\" sizes=\"(max-width: 585px) 100vw, 585px\" \/><figcaption id=\"caption-attachment-140\" class=\"wp-caption-text\">Im Bild: (v.li.) Birgit Utech, Vorsitzende vom Verein Zahn\u00e4rzte und Patienten helfen Kindern in Not, Schauspieler Olaf Kr\u00e4tke, Bertram Hilgen, die S\u00e4ngerinnen Sonja Welter und Susanne Blo\u00df aus &#8222;tabaluga tivi&#8220; und Evelin Bernhard (Vorstand F\u00f6rderverein).<\/figcaption><\/figure>\n<p>&nbsp;<\/p>\n<p>&nbsp;<\/p>","protected":false},"excerpt":{"rendered":"<p>Das Gewaltpr\u00e4ventionsprojekt f\u00fcr Kindergarten und Grundschule zum Thema Gewalt und sexuelle Gewalt &#8222;Geheimsache Igel&#8220;, von Schauspieler Olaf Kr\u00e4tke (bekannt unter anderem aus &#8222;Wickie und die starken M\u00e4nenr&#8220;) hat am Samstag im Gloria Kino Premiere gefeiert. Es besteht aus einem Theaterst\u00fcck, das in p\u00e4dagogischen Einrichtungen vor einzelnen Klassen und Kindergartengruppen gespielt wird. Kinder werden mit &#8222;Geheimsache &hellip;<\/p>\n<p class=\"read-more\"> <a class=\"\" href=\"https:\/\/zphkinder.de\/en\/geheimsache-igel\/\"> <span class=\"screen-reader-text\">Geheimsache Igel<\/span> Read More &raquo;<\/a><\/p>","protected":false},"author":3,"featured_media":0,"comment_status":"open","ping_status":"open","sticky":false,"template":"","format":"standard","meta":[],"categories":[6],"tags":[],"_links":{"self":[{"href":"https:\/\/zphkinder.de\/en\/wp-json\/wp\/v2\/posts\/137"}],"collection":[{"href":"https:\/\/zphkinder.de\/en\/wp-json\/wp\/v2\/posts"}],"about":[{"href":"https:\/\/zphkinder.de\/en\/wp-json\/wp\/v2\/types\/post"}],"author":[{"embeddable":true,"href":"https:\/\/zphkinder.de\/en\/wp-json\/wp\/v2\/users\/3"}],"replies":[{"embeddable":true,"href":"https:\/\/zphkinder.de\/en\/wp-json\/wp\/v2\/comments?post=137"}],"version-history":[{"count":2,"href":"https:\/\/zphkinder.de\/en\/wp-json\/wp\/v2\/posts\/137\/revisions"}],"predecessor-version":[{"id":176,"href":"https:\/\/zphkinder.de\/en\/wp-json\/wp\/v2\/posts\/137\/revisions\/176"}],"wp:attachment":[{"href":"https:\/\/zphkinder.de\/en\/wp-json\/wp\/v2\/media?parent=137"}],"wp:term":[{"taxonomy":"category","embeddable":true,"href":"https:\/\/zphkinder.de\/en\/wp-json\/wp\/v2\/categories?post=137"},{"taxonomy":"post_tag","embeddable":true,"href":"https:\/\/zphkinder.de\/en\/wp-json\/wp\/v2\/tags?post=137"}],"curies":[{"name":"wp","href":"https:\/\/api.w.org\/{rel}","templated":true}]}}