{"id":214,"date":"2018-01-30T22:39:22","date_gmt":"2018-01-30T21:39:22","guid":{"rendered":"http:\/\/wp01.zphkinder.de\/?p=214"},"modified":"2018-01-30T22:39:22","modified_gmt":"2018-01-30T21:39:22","slug":"zweite-chance-fuer-schwierige-schueler","status":"publish","type":"post","link":"https:\/\/zphkinder.de\/en\/zweite-chance-fuer-schwierige-schueler\/","title":{"rendered":"Zweite Chance f\u00fcr schwierige Sch\u00fcler"},"content":{"rendered":"<p>Kreis Kassel. 22 Jugendliche haben eine zweite Chance bekommen und sie auch genutzt: Durch das Schulverweigerungsprojekt des Landkreises Kassel konnten diese Sch\u00fcler seit dem Start vor einigen Jahren wieder erfolgreich in die Schule integriert werden. Ein M\u00e4dchen ist inzwischen sogar Klassenbeste.<\/p>\n<p>Am Anfang wurde das Modellprojekt komplett aus Mitteln von Bund und Europ\u00e4ischem Sozialfonds gef\u00f6rdert, inzwischen springt der Landkreis, der als einzige nordhessische Gebietsk\u00f6rperschaft teilnimmt, j\u00e4hrlich mit einem Zuschuss ein. Das Projekt steht jetzt auf der Kippe: Demn\u00e4chst l\u00e4uft die F\u00f6rderung durch den Sozialfonds aus. \u201eUm das Projekt fortzuf\u00fchren, sind wir vermehrt auf private Sponsoren angewiesen\u201c, sagt Landkreis-Pressesprecher Harald K\u00fchlborn.<\/p>\n<p>Die Zahl der Sch\u00fcler, die f\u00fcr das Projekt angemeldet werden, ist unvermindert hoch. \u201eWir wollen Jugendlichen, die Schwierigkeiten mit der Schule haben und deshalb h\u00e4ufig nicht zum Unterricht kommen, helfen, wieder Spa\u00df am Lernen zu entwickeln\u201c, so Ulrike Beutennagel vom Jugendamt. Um die Schule wieder attraktiv zu machen, werden zurzeit 22 Kinder und Jugendliche zwischen 13 und 16 Jahren in Kooperation mit vier Landkreisschulen betreut. Betreut werden Schulverweigerer aus der Gesamtschule Kaufungen, der Wilhelm-Leuschner-Schule Niestetal, der Theodor-Heuss-Schule in Baunatal und der Erich-K\u00e4stner-Schule, ebenfalls Baunatal.<\/p>\n<p>Im Landkreis erhielten 2009 insgesamt 109 Sch\u00fcler ein Bu\u00dfgeldverfahren, weil sie sich konsequent der Schulpflicht entzogen, 2010 waren es 111. Laut K\u00fchlborn ist das nur die Spitze des Eisbergs. \u201eDie Dunkelziffer der Schulschw\u00e4nzer ist wesentlich h\u00f6her.\u201c Wichtig sei die komplexe F\u00f6rderung der Jugendlichen. \u201eDie ganzheitliche F\u00f6rderung bedeutet, dass wir Eltern, Schule und Hilfsangebote des Jugendamtes in die Betreuung der Jugendlichen miteinbeziehen\u201c, sagt die ehemalige Jugendamtsleiterin K\u00e4the Heinrich, die das Projekt mit auf den Weg gebracht hat. Dazu geh\u00f6ren regelm\u00e4\u00dfige Einzelbetreuung in der Schule, Hausaufgabenhilfe, praxisorientierte Lerneinheiten und Projekttage au\u00dferhalb der Schule. Ein Ausflug in den Kletterpark am Hohen Gras geh\u00f6rt zu den Freizeitangeboten, bei denen das Selbstvertrauen der jungen Schulverweigerer gest\u00e4rkt werden soll. Gemeinsam mit ihren Betreuern des Projektes \u201eZweite Chance\u201c balancierten die Sch\u00fcler \u00fcber Drahtseile, kletterten an B\u00e4umen hoch oder schwebten auf dem Bobbycar zwischen den B\u00e4umen.<\/p>\n<p>(ewa\/bas)<\/p>\n<p>Artikel: HNA<br \/>\nFoto: Riecken<\/p>\n<p>&nbsp;<\/p>\n<figure id=\"attachment_215\" aria-describedby=\"caption-attachment-215\" style=\"width: 800px\" class=\"wp-caption aligncenter\"><img loading=\"lazy\" class=\"size-full wp-image-215\" src=\"https:\/\/zphkinder.de\/wp-content\/uploads\/2018\/01\/11_08_29_zweite_chance.jpg\" alt=\"\" width=\"800\" height=\"545\" srcset=\"https:\/\/zphkinder.de\/wp-content\/uploads\/2018\/01\/11_08_29_zweite_chance.jpg 800w, https:\/\/zphkinder.de\/wp-content\/uploads\/2018\/01\/11_08_29_zweite_chance-300x204.jpg 300w, https:\/\/zphkinder.de\/wp-content\/uploads\/2018\/01\/11_08_29_zweite_chance-768x523.jpg 768w, https:\/\/zphkinder.de\/wp-content\/uploads\/2018\/01\/11_08_29_zweite_chance-214x146.jpg 214w, https:\/\/zphkinder.de\/wp-content\/uploads\/2018\/01\/11_08_29_zweite_chance-50x34.jpg 50w, https:\/\/zphkinder.de\/wp-content\/uploads\/2018\/01\/11_08_29_zweite_chance-110x75.jpg 110w\" sizes=\"(max-width: 800px) 100vw, 800px\" \/><figcaption id=\"caption-attachment-215\" class=\"wp-caption-text\">Ausflug zum Kletterpark: Kevin, Johannes, Domenik und die anderen f\u00fchlten sich wie im Abenteuerland. Auch Betreuerin Ulrike Beutennagel vom Jugendamt und Evelin Bernhard (links) vom Verein \u201eZahn\u00e4rzte und Patienten helfen Kindern in Not\u201c waren dabei. Der Verein unterst\u00fctzt das Projekt mit 3500 Euro. Foto: Riecken<\/figcaption><\/figure>","protected":false},"excerpt":{"rendered":"<p>Kreis Kassel. 22 Jugendliche haben eine zweite Chance bekommen und sie auch genutzt: Durch das Schulverweigerungsprojekt des Landkreises Kassel konnten diese Sch\u00fcler seit dem Start vor einigen Jahren wieder erfolgreich in die Schule integriert werden. Ein M\u00e4dchen ist inzwischen sogar Klassenbeste. Am Anfang wurde das Modellprojekt komplett aus Mitteln von Bund und Europ\u00e4ischem Sozialfonds gef\u00f6rdert, &hellip;<\/p>\n<p class=\"read-more\"> <a class=\"\" href=\"https:\/\/zphkinder.de\/en\/zweite-chance-fuer-schwierige-schueler\/\"> <span class=\"screen-reader-text\">Zweite Chance f\u00fcr schwierige Sch\u00fcler<\/span> Read More &raquo;<\/a><\/p>","protected":false},"author":3,"featured_media":0,"comment_status":"open","ping_status":"open","sticky":false,"template":"","format":"standard","meta":[],"categories":[7],"tags":[],"_links":{"self":[{"href":"https:\/\/zphkinder.de\/en\/wp-json\/wp\/v2\/posts\/214"}],"collection":[{"href":"https:\/\/zphkinder.de\/en\/wp-json\/wp\/v2\/posts"}],"about":[{"href":"https:\/\/zphkinder.de\/en\/wp-json\/wp\/v2\/types\/post"}],"author":[{"embeddable":true,"href":"https:\/\/zphkinder.de\/en\/wp-json\/wp\/v2\/users\/3"}],"replies":[{"embeddable":true,"href":"https:\/\/zphkinder.de\/en\/wp-json\/wp\/v2\/comments?post=214"}],"version-history":[{"count":1,"href":"https:\/\/zphkinder.de\/en\/wp-json\/wp\/v2\/posts\/214\/revisions"}],"predecessor-version":[{"id":216,"href":"https:\/\/zphkinder.de\/en\/wp-json\/wp\/v2\/posts\/214\/revisions\/216"}],"wp:attachment":[{"href":"https:\/\/zphkinder.de\/en\/wp-json\/wp\/v2\/media?parent=214"}],"wp:term":[{"taxonomy":"category","embeddable":true,"href":"https:\/\/zphkinder.de\/en\/wp-json\/wp\/v2\/categories?post=214"},{"taxonomy":"post_tag","embeddable":true,"href":"https:\/\/zphkinder.de\/en\/wp-json\/wp\/v2\/tags?post=214"}],"curies":[{"name":"wp","href":"https:\/\/api.w.org\/{rel}","templated":true}]}}