{"id":989,"date":"2018-02-01T14:17:30","date_gmt":"2018-02-01T13:17:30","guid":{"rendered":"http:\/\/wp01.zphkinder.de\/?p=989"},"modified":"2018-02-01T14:17:30","modified_gmt":"2018-02-01T13:17:30","slug":"kadioglu-kassel-ist-spaet-dran","status":"publish","type":"post","link":"https:\/\/zphkinder.de\/en\/kadioglu-kassel-ist-spaet-dran\/","title":{"rendered":"Kadioglu: &#8222;Kassel ist sp\u00e4t dran&#8220;"},"content":{"rendered":"<p>Die Kasseler Initiative f\u00fcr das Waisenhaus k\u00f6nnte weiter sein, meint Izmits Sozialdezernent. Im \u00dcbrigen h\u00e4tte er gerne neue R\u00e4ume und ein Frauenhaus. &#8211; 16.12.2000<\/p>\n<p>&nbsp;<\/p>\n<p><img loading=\"lazy\" class=\"aligncenter size-full wp-image-990\" src=\"https:\/\/zphkinder.de\/wp-content\/uploads\/2018\/02\/12-16-2000-Kassel-ist-spaet.jpg\" alt=\"\" width=\"620\" height=\"812\" srcset=\"https:\/\/zphkinder.de\/wp-content\/uploads\/2018\/02\/12-16-2000-Kassel-ist-spaet.jpg 620w, https:\/\/zphkinder.de\/wp-content\/uploads\/2018\/02\/12-16-2000-Kassel-ist-spaet-229x300.jpg 229w, https:\/\/zphkinder.de\/wp-content\/uploads\/2018\/02\/12-16-2000-Kassel-ist-spaet-111x146.jpg 111w, https:\/\/zphkinder.de\/wp-content\/uploads\/2018\/02\/12-16-2000-Kassel-ist-spaet-38x50.jpg 38w, https:\/\/zphkinder.de\/wp-content\/uploads\/2018\/02\/12-16-2000-Kassel-ist-spaet-57x75.jpg 57w\" sizes=\"(max-width: 620px) 100vw, 620px\" \/><\/p>","protected":false},"excerpt":{"rendered":"<p>Die Kasseler Initiative f\u00fcr das Waisenhaus k\u00f6nnte weiter sein, meint Izmits Sozialdezernent. Im \u00dcbrigen h\u00e4tte er gerne neue R\u00e4ume und ein Frauenhaus. &#8211; 16.12.2000 &nbsp;<\/p>","protected":false},"author":3,"featured_media":0,"comment_status":"open","ping_status":"open","sticky":false,"template":"","format":"standard","meta":[],"categories":[19],"tags":[],"_links":{"self":[{"href":"https:\/\/zphkinder.de\/en\/wp-json\/wp\/v2\/posts\/989"}],"collection":[{"href":"https:\/\/zphkinder.de\/en\/wp-json\/wp\/v2\/posts"}],"about":[{"href":"https:\/\/zphkinder.de\/en\/wp-json\/wp\/v2\/types\/post"}],"author":[{"embeddable":true,"href":"https:\/\/zphkinder.de\/en\/wp-json\/wp\/v2\/users\/3"}],"replies":[{"embeddable":true,"href":"https:\/\/zphkinder.de\/en\/wp-json\/wp\/v2\/comments?post=989"}],"version-history":[{"count":1,"href":"https:\/\/zphkinder.de\/en\/wp-json\/wp\/v2\/posts\/989\/revisions"}],"predecessor-version":[{"id":991,"href":"https:\/\/zphkinder.de\/en\/wp-json\/wp\/v2\/posts\/989\/revisions\/991"}],"wp:attachment":[{"href":"https:\/\/zphkinder.de\/en\/wp-json\/wp\/v2\/media?parent=989"}],"wp:term":[{"taxonomy":"category","embeddable":true,"href":"https:\/\/zphkinder.de\/en\/wp-json\/wp\/v2\/categories?post=989"},{"taxonomy":"post_tag","embeddable":true,"href":"https:\/\/zphkinder.de\/en\/wp-json\/wp\/v2\/tags?post=989"}],"curies":[{"name":"wp","href":"https:\/\/api.w.org\/{rel}","templated":true}]}}